{"id":2597,"date":"2020-09-28T10:00:40","date_gmt":"2020-09-28T08:00:40","guid":{"rendered":"https:\/\/www.simed.pl\/blog\/?p=2597"},"modified":"2020-09-28T10:00:40","modified_gmt":"2020-09-28T08:00:40","slug":"placz-niemowlaka-obalamy-mity-cz-1","status":"publish","type":"post","link":"https:\/\/www.simed.pl\/blog\/placz-niemowlaka-obalamy-mity-cz-1\/","title":{"rendered":"P\u0142acz niemowlaka &#8211; obalamy mity! Cz.1"},"content":{"rendered":"<p>Istnieje wiele mit\u00f3w dotycz\u0105cych p\u0142aczu ma\u0142ego dziecka. Jako m\u0142odzi rodzice cz\u0119sto je us\u0142yszymy, zw\u0142aszcza od&nbsp;starszego pokolenia. Czy jednak s\u0105 one prawdziwe i&nbsp;czy warto si\u0119 nimi sugerowa\u0107? O&nbsp;tym w&nbsp;dzisiejszym artykule.<\/p>\n<p><a href=\"https:\/\/www.simed.pl\/blog\/wp-content\/uploads\/2020\/09\/baby-215303_1280.jpg\"><img loading=\"lazy\" class=\"aligncenter size-full wp-image-2598\" src=\"https:\/\/www.simed.pl\/blog\/wp-content\/uploads\/2020\/09\/baby-215303_1280.jpg\" alt=\"baby-215303_1280\" width=\"1280\" height=\"856\" srcset=\"https:\/\/www.simed.pl\/blog\/wp-content\/uploads\/2020\/09\/baby-215303_1280.jpg 1280w, https:\/\/www.simed.pl\/blog\/wp-content\/uploads\/2020\/09\/baby-215303_1280-300x201.jpg 300w, https:\/\/www.simed.pl\/blog\/wp-content\/uploads\/2020\/09\/baby-215303_1280-1024x685.jpg 1024w, https:\/\/www.simed.pl\/blog\/wp-content\/uploads\/2020\/09\/baby-215303_1280-290x195.jpg 290w\" sizes=\"(max-width: 1280px) 100vw, 1280px\" \/><\/a><\/p>\n<p>P\u0142acz dziecka to&nbsp;najbardziej naturalna forma komunikacji ze&nbsp;\u015bwiatem zewn\u0119trznym. Noworodki i&nbsp;niemowlaki nie potrafi\u0105 jeszcze m\u00f3wi\u0107, do&nbsp;tego nie s\u0105 w&nbsp;stanie samodzielnie zrealizowa\u0107 w\u0142asnych potrzeb, dlatego natura da\u0142a im p\u0142acz, by&nbsp;jasno i&nbsp;dobitnie mog\u0142y zasygnalizowa\u0107, \u017ce&nbsp;czego\u015b im brakuje. Wa\u017cne jest zatem, by&nbsp;za ka\u017cdym razem, gdy&nbsp;dziecko p\u0142acze, okaza\u0107 mu nale\u017cyte zainteresowanie. Mo\u017ce si\u0119 bowiem okaza\u0107, \u017ce&nbsp;jest g\u0142odne i&nbsp;trzeba poda\u0107 mu pier\u015b lub odci\u0105gni\u0119te za&nbsp;pomoc\u0105<a title=\"laktatory\" href=\"https:\/\/www.simed.pl\/produkty\/laktatory\/\"> laktatora<\/a> mleko. P\u0142acz cz\u0119sto oznacza r\u00f3wnie\u017c konieczno\u015b\u0107 zmiany pieluchy lub wymian\u0119 wk\u0142adu w&nbsp;<a title=\"pieluszki wielorazowe\" href=\"https:\/\/www.simed.pl\/produkty\/pieluszki-wielorazowe\/\">pieluszce wielorazowej<\/a>. Ma\u0142e dzieci p\u0142acz\u0105 r\u00f3wnie\u017c, kiedy si\u0119 boj\u0105, potrzebuj\u0105 przytulenia lub co\u015b je boli. Jedno jest pewne, nigdy nie wydaj\u0105 z&nbsp;siebie takiego d\u017awi\u0119ku bez powodu.<\/p>\n<p>Niestety, istnieje wiele szkodliwych mit\u00f3w, na&nbsp;temat p\u0142aczu ma\u0142ego dziecka. W&nbsp;dzisiejszym artykule obalamy te najcz\u0119\u015bciej rozpowszechniane.<\/p>\n<h2>P\u0142acz to&nbsp;pr\u00f3ba wymuszenia ze&nbsp;strony dziecka<\/h2>\n<p>Niekt\u00f3rzy rodzice, a&nbsp;tak\u017ce osoby starszej daty twierdz\u0105, \u017ce&nbsp;dziecko p\u0142acz\u0105c, chce na&nbsp;doros\u0142ym co\u015b wymusi\u0107. Przekonanie to&nbsp;jest w&nbsp;100% fa\u0142szywe, gdy\u017c&nbsp;niemowlak, a&nbsp;tym bardziej noworodek nie s\u0105 zdolne do&nbsp;tak zaawansowanej operacji, jak\u0105 jest manipulacja. P\u0142acz przez ma\u0142e dziecko u\u017cywany jest wy\u0142\u0105cznie jako forma komunikacji i&nbsp;sygnalizowania swoich potrzeb. To, \u017ce&nbsp;rodzic nie zawsze jest w&nbsp;stanie odgadn\u0105\u0107, o&nbsp;co maluchowi chodzi, to&nbsp;ju\u017c inna kwestia. Mo\u017cemy by\u0107 jednak pewni, \u017ce&nbsp;zawsze, gdy&nbsp;pociecha p\u0142acze, chce w&nbsp;ten spos\u00f3b przekaza\u0107, \u017ce&nbsp;czego\u015b jej brakuje lub odczuwa dyskomfort.<\/p>\n<h2>Dziecko p\u0142acz\u0105c, wspomaga rozw\u00f3j p\u0142uc<\/h2>\n<p>To&nbsp;kolejny mit powtarzany cz\u0119sto przez nasze mamy czy babcie. I&nbsp;kolejny, kt\u00f3ry&nbsp;jest absolutnie nieprawdziwy. P\u0142acz dziecka nie ma \u017cadnego wp\u0142ywu na&nbsp;rozw\u00f3j p\u0142uc, zw\u0142aszcza, \u017ce&nbsp;organ ten jest ju\u017c w&nbsp;pe\u0142ni ukszta\u0142towany od&nbsp;razu po&nbsp;narodzinach, nie potrzebuje zatem dodatkowej stymulacji do&nbsp;wzrostu w&nbsp;postaci p\u0142aczu.<\/p>\n<p>Jedyn\u0105 prozdrowotn\u0105 funkcj\u0105 p\u0142aczu jest uwalnianie negatywnych emocji. T\u0119 rol\u0119 jednak spe\u0142nia on w&nbsp;p\u00f3\u017aniejszych latach. Dla noworodka jest to&nbsp;wy\u0142\u0105cznie forma sygnalizowania w\u0142asnego dyskomfortu i&nbsp;pr\u00f3ba nawi\u0105zania komunikacji z&nbsp;otoczeniem.<\/p>\n<p>To&nbsp;jeszcze nie jeszcze nie wszystkie mity dotycz\u0105ce p\u0142aczu ma\u0142ego dziecka. Wi\u0119cej znajdziecie w&nbsp;kolejnym artykule.<\/p>\n","protected":false},"excerpt":{"rendered":"<p>Istnieje wiele mit\u00f3w dotycz\u0105cych p\u0142aczu ma\u0142ego dziecka. Jako m\u0142odzi rodzice cz\u0119sto je us\u0142yszymy, zw\u0142aszcza od&nbsp;starszego pokolenia. Czy jednak s\u0105 one prawdziwe i&nbsp;czy warto si\u0119 nimi sugerowa\u0107? O&nbsp;tym w&nbsp;dzisiejszym artykule. P\u0142acz dziecka to&nbsp;najbardziej naturalna forma komunikacji [&hellip;]<\/p>\n","protected":false},"author":1,"featured_media":2598,"comment_status":"open","ping_status":"open","sticky":false,"template":"","format":"standard","meta":[],"categories":[1],"tags":[87,42],"acf":[],"yoast_head":"<!-- This site is optimized with the Yoast SEO plugin v18.5.1 - https:\/\/yoast.com\/wordpress\/plugins\/seo\/ -->\n<title>P\u0142acz niemowlaka - obalamy mity! Cz.1<\/title>\n<meta name=\"description\" content=\"Misja Tata - blog dla rodzica\" \/>\n<meta name=\"robots\" content=\"index, follow, max-snippet:-1, max-image-preview:large, max-video-preview:-1\" \/>\n<link rel=\"canonical\" href=\"https:\/\/www.simed.pl\/blog\/placz-niemowlaka-obalamy-mity-cz-1\/\" \/>\n<meta property=\"og:locale\" content=\"pl_PL\" \/>\n<meta property=\"og:type\" content=\"article\" \/>\n<meta property=\"og:title\" content=\"P\u0142acz niemowlaka - obalamy mity! Cz.1\" \/>\n<meta property=\"og:description\" content=\"Misja Tata - blog dla rodzica\" \/>\n<meta property=\"og:url\" content=\"https:\/\/www.simed.pl\/blog\/placz-niemowlaka-obalamy-mity-cz-1\/\" \/>\n<meta property=\"og:site_name\" content=\"Misja Tata - blog dla rodzica\" \/>\n<meta property=\"article:published_time\" content=\"2020-09-28T08:00:40+00:00\" \/>\n<meta property=\"og:image\" content=\"https:\/\/www.simed.pl\/blog\/wp-content\/uploads\/2020\/09\/baby-215303_1280.jpg\" \/>\n\t<meta property=\"og:image:width\" content=\"1280\" \/>\n\t<meta property=\"og:image:height\" content=\"856\" \/>\n\t<meta property=\"og:image:type\" content=\"image\/jpeg\" \/>\n<meta name=\"twitter:card\" content=\"summary_large_image\" \/>\n<meta name=\"twitter:label1\" content=\"Written by\" \/>\n\t<meta name=\"twitter:data1\" content=\"Tata\" \/>\n\t<meta name=\"twitter:label2\" content=\"Est. reading time\" \/>\n\t<meta name=\"twitter:data2\" content=\"2 minuty\" \/>\n<script type=\"application\/ld+json\" class=\"yoast-schema-graph\">{\"@context\":\"https:\/\/schema.org\",\"@graph\":[{\"@type\":\"Organization\",\"@id\":\"https:\/\/www.simed.pl\/blog\/#organization\",\"name\":\"Simed\",\"url\":\"https:\/\/www.simed.pl\/blog\/\",\"sameAs\":[],\"logo\":{\"@type\":\"ImageObject\",\"@id\":\"https:\/\/www.simed.pl\/blog\/#logo\",\"inLanguage\":\"pl-PL\",\"url\":\"https:\/\/www.simed.pl\/blog\/wp-content\/uploads\/2015\/10\/simed-logo.png\",\"contentUrl\":\"https:\/\/www.simed.pl\/blog\/wp-content\/uploads\/2015\/10\/simed-logo.png\",\"width\":230,\"height\":75,\"caption\":\"Simed\"},\"image\":{\"@id\":\"https:\/\/www.simed.pl\/blog\/#logo\"}},{\"@type\":\"WebSite\",\"@id\":\"https:\/\/www.simed.pl\/blog\/#website\",\"url\":\"https:\/\/www.simed.pl\/blog\/\",\"name\":\"Misja Tata - blog dla rodzica\",\"description\":\"Nikt nie jest tak na sto procent przygotowany na bycie rodzicem. Nigdzie tego nie ucz\u0105. Ale jak si\u0119 nim zostaje to co\u015b si\u0119 zmienia. Ja poczu\u0142em misj\u0119. Zobacz jak na co dzie\u0144 radzi sobie pocz\u0105tkuj\u0105cy, zakr\u0119cony na punkcie swojej pociechy, ojciec.\",\"publisher\":{\"@id\":\"https:\/\/www.simed.pl\/blog\/#organization\"},\"potentialAction\":[{\"@type\":\"SearchAction\",\"target\":{\"@type\":\"EntryPoint\",\"urlTemplate\":\"https:\/\/www.simed.pl\/blog\/?s={search_term_string}\"},\"query-input\":\"required name=search_term_string\"}],\"inLanguage\":\"pl-PL\"},{\"@type\":\"ImageObject\",\"@id\":\"https:\/\/www.simed.pl\/blog\/placz-niemowlaka-obalamy-mity-cz-1\/#primaryimage\",\"inLanguage\":\"pl-PL\",\"url\":\"https:\/\/www.simed.pl\/blog\/wp-content\/uploads\/2020\/09\/baby-215303_1280.jpg\",\"contentUrl\":\"https:\/\/www.simed.pl\/blog\/wp-content\/uploads\/2020\/09\/baby-215303_1280.jpg\",\"width\":1280,\"height\":856,\"caption\":\"P\u0142acz niemowlaka\"},{\"@type\":\"WebPage\",\"@id\":\"https:\/\/www.simed.pl\/blog\/placz-niemowlaka-obalamy-mity-cz-1\/#webpage\",\"url\":\"https:\/\/www.simed.pl\/blog\/placz-niemowlaka-obalamy-mity-cz-1\/\",\"name\":\"P\u0142acz niemowlaka - obalamy mity! Cz.1\",\"isPartOf\":{\"@id\":\"https:\/\/www.simed.pl\/blog\/#website\"},\"primaryImageOfPage\":{\"@id\":\"https:\/\/www.simed.pl\/blog\/placz-niemowlaka-obalamy-mity-cz-1\/#primaryimage\"},\"datePublished\":\"2020-09-28T08:00:40+00:00\",\"dateModified\":\"2020-09-28T08:00:40+00:00\",\"description\":\"Misja Tata - blog dla rodzica\",\"breadcrumb\":{\"@id\":\"https:\/\/www.simed.pl\/blog\/placz-niemowlaka-obalamy-mity-cz-1\/#breadcrumb\"},\"inLanguage\":\"pl-PL\",\"potentialAction\":[{\"@type\":\"ReadAction\",\"target\":[\"https:\/\/www.simed.pl\/blog\/placz-niemowlaka-obalamy-mity-cz-1\/\"]}]},{\"@type\":\"BreadcrumbList\",\"@id\":\"https:\/\/www.simed.pl\/blog\/placz-niemowlaka-obalamy-mity-cz-1\/#breadcrumb\",\"itemListElement\":[{\"@type\":\"ListItem\",\"position\":1,\"name\":\"Home\",\"item\":\"https:\/\/www.simed.pl\/blog\/\"},{\"@type\":\"ListItem\",\"position\":2,\"name\":\"P\u0142acz niemowlaka &#8211; obalamy mity! Cz.1\"}]},{\"@type\":\"Article\",\"@id\":\"https:\/\/www.simed.pl\/blog\/placz-niemowlaka-obalamy-mity-cz-1\/#article\",\"isPartOf\":{\"@id\":\"https:\/\/www.simed.pl\/blog\/placz-niemowlaka-obalamy-mity-cz-1\/#webpage\"},\"author\":{\"@id\":\"https:\/\/www.simed.pl\/blog\/#\/schema\/person\/07df329066005787c01fe2e6655795a4\"},\"headline\":\"P\u0142acz niemowlaka &#8211; obalamy mity! Cz.1\",\"datePublished\":\"2020-09-28T08:00:40+00:00\",\"dateModified\":\"2020-09-28T08:00:40+00:00\",\"mainEntityOfPage\":{\"@id\":\"https:\/\/www.simed.pl\/blog\/placz-niemowlaka-obalamy-mity-cz-1\/#webpage\"},\"wordCount\":441,\"commentCount\":0,\"publisher\":{\"@id\":\"https:\/\/www.simed.pl\/blog\/#organization\"},\"image\":{\"@id\":\"https:\/\/www.simed.pl\/blog\/placz-niemowlaka-obalamy-mity-cz-1\/#primaryimage\"},\"thumbnailUrl\":\"https:\/\/www.simed.pl\/blog\/wp-content\/uploads\/2020\/09\/baby-215303_1280.jpg\",\"keywords\":[\"laktatory\",\"pieluszki wielorazowe\"],\"articleSection\":[\"Wpisy\"],\"inLanguage\":\"pl-PL\"},{\"@type\":\"Person\",\"@id\":\"https:\/\/www.simed.pl\/blog\/#\/schema\/person\/07df329066005787c01fe2e6655795a4\",\"name\":\"Tata\",\"image\":{\"@type\":\"ImageObject\",\"@id\":\"https:\/\/www.simed.pl\/blog\/#personlogo\",\"inLanguage\":\"pl-PL\",\"url\":\"https:\/\/secure.gravatar.com\/avatar\/0acea63dc2cb8e6d071e9e7f32f36fb8?s=96&d=mm&r=g\",\"contentUrl\":\"https:\/\/secure.gravatar.com\/avatar\/0acea63dc2cb8e6d071e9e7f32f36fb8?s=96&d=mm&r=g\",\"caption\":\"Tata\"},\"sameAs\":[\"http:\/\/www.simed.pl\"]}]}<\/script>\n<!-- \/ Yoast SEO plugin. -->","yoast_head_json":{"title":"P\u0142acz niemowlaka - obalamy mity! Cz.1","description":"Misja Tata - blog dla rodzica","robots":{"index":"index","follow":"follow","max-snippet":"max-snippet:-1","max-image-preview":"max-image-preview:large","max-video-preview":"max-video-preview:-1"},"canonical":"https:\/\/www.simed.pl\/blog\/placz-niemowlaka-obalamy-mity-cz-1\/","og_locale":"pl_PL","og_type":"article","og_title":"P\u0142acz niemowlaka - obalamy mity! Cz.1","og_description":"Misja Tata - blog dla rodzica","og_url":"https:\/\/www.simed.pl\/blog\/placz-niemowlaka-obalamy-mity-cz-1\/","og_site_name":"Misja Tata - blog dla rodzica","article_published_time":"2020-09-28T08:00:40+00:00","og_image":[{"width":1280,"height":856,"url":"https:\/\/www.simed.pl\/blog\/wp-content\/uploads\/2020\/09\/baby-215303_1280.jpg","type":"image\/jpeg"}],"twitter_card":"summary_large_image","twitter_misc":{"Written by":"Tata","Est. reading time":"2 minuty"},"schema":{"@context":"https:\/\/schema.org","@graph":[{"@type":"Organization","@id":"https:\/\/www.simed.pl\/blog\/#organization","name":"Simed","url":"https:\/\/www.simed.pl\/blog\/","sameAs":[],"logo":{"@type":"ImageObject","@id":"https:\/\/www.simed.pl\/blog\/#logo","inLanguage":"pl-PL","url":"https:\/\/www.simed.pl\/blog\/wp-content\/uploads\/2015\/10\/simed-logo.png","contentUrl":"https:\/\/www.simed.pl\/blog\/wp-content\/uploads\/2015\/10\/simed-logo.png","width":230,"height":75,"caption":"Simed"},"image":{"@id":"https:\/\/www.simed.pl\/blog\/#logo"}},{"@type":"WebSite","@id":"https:\/\/www.simed.pl\/blog\/#website","url":"https:\/\/www.simed.pl\/blog\/","name":"Misja Tata - blog dla rodzica","description":"Nikt nie jest tak na sto procent przygotowany na bycie rodzicem. Nigdzie tego nie ucz\u0105. Ale jak si\u0119 nim zostaje to co\u015b si\u0119 zmienia. Ja poczu\u0142em misj\u0119. Zobacz jak na co dzie\u0144 radzi sobie pocz\u0105tkuj\u0105cy, zakr\u0119cony na punkcie swojej pociechy, ojciec.","publisher":{"@id":"https:\/\/www.simed.pl\/blog\/#organization"},"potentialAction":[{"@type":"SearchAction","target":{"@type":"EntryPoint","urlTemplate":"https:\/\/www.simed.pl\/blog\/?s={search_term_string}"},"query-input":"required name=search_term_string"}],"inLanguage":"pl-PL"},{"@type":"ImageObject","@id":"https:\/\/www.simed.pl\/blog\/placz-niemowlaka-obalamy-mity-cz-1\/#primaryimage","inLanguage":"pl-PL","url":"https:\/\/www.simed.pl\/blog\/wp-content\/uploads\/2020\/09\/baby-215303_1280.jpg","contentUrl":"https:\/\/www.simed.pl\/blog\/wp-content\/uploads\/2020\/09\/baby-215303_1280.jpg","width":1280,"height":856,"caption":"P\u0142acz niemowlaka"},{"@type":"WebPage","@id":"https:\/\/www.simed.pl\/blog\/placz-niemowlaka-obalamy-mity-cz-1\/#webpage","url":"https:\/\/www.simed.pl\/blog\/placz-niemowlaka-obalamy-mity-cz-1\/","name":"P\u0142acz niemowlaka - obalamy mity! Cz.1","isPartOf":{"@id":"https:\/\/www.simed.pl\/blog\/#website"},"primaryImageOfPage":{"@id":"https:\/\/www.simed.pl\/blog\/placz-niemowlaka-obalamy-mity-cz-1\/#primaryimage"},"datePublished":"2020-09-28T08:00:40+00:00","dateModified":"2020-09-28T08:00:40+00:00","description":"Misja Tata - blog dla rodzica","breadcrumb":{"@id":"https:\/\/www.simed.pl\/blog\/placz-niemowlaka-obalamy-mity-cz-1\/#breadcrumb"},"inLanguage":"pl-PL","potentialAction":[{"@type":"ReadAction","target":["https:\/\/www.simed.pl\/blog\/placz-niemowlaka-obalamy-mity-cz-1\/"]}]},{"@type":"BreadcrumbList","@id":"https:\/\/www.simed.pl\/blog\/placz-niemowlaka-obalamy-mity-cz-1\/#breadcrumb","itemListElement":[{"@type":"ListItem","position":1,"name":"Home","item":"https:\/\/www.simed.pl\/blog\/"},{"@type":"ListItem","position":2,"name":"P\u0142acz niemowlaka &#8211; obalamy mity! Cz.1"}]},{"@type":"Article","@id":"https:\/\/www.simed.pl\/blog\/placz-niemowlaka-obalamy-mity-cz-1\/#article","isPartOf":{"@id":"https:\/\/www.simed.pl\/blog\/placz-niemowlaka-obalamy-mity-cz-1\/#webpage"},"author":{"@id":"https:\/\/www.simed.pl\/blog\/#\/schema\/person\/07df329066005787c01fe2e6655795a4"},"headline":"P\u0142acz niemowlaka &#8211; obalamy mity! Cz.1","datePublished":"2020-09-28T08:00:40+00:00","dateModified":"2020-09-28T08:00:40+00:00","mainEntityOfPage":{"@id":"https:\/\/www.simed.pl\/blog\/placz-niemowlaka-obalamy-mity-cz-1\/#webpage"},"wordCount":441,"commentCount":0,"publisher":{"@id":"https:\/\/www.simed.pl\/blog\/#organization"},"image":{"@id":"https:\/\/www.simed.pl\/blog\/placz-niemowlaka-obalamy-mity-cz-1\/#primaryimage"},"thumbnailUrl":"https:\/\/www.simed.pl\/blog\/wp-content\/uploads\/2020\/09\/baby-215303_1280.jpg","keywords":["laktatory","pieluszki wielorazowe"],"articleSection":["Wpisy"],"inLanguage":"pl-PL"},{"@type":"Person","@id":"https:\/\/www.simed.pl\/blog\/#\/schema\/person\/07df329066005787c01fe2e6655795a4","name":"Tata","image":{"@type":"ImageObject","@id":"https:\/\/www.simed.pl\/blog\/#personlogo","inLanguage":"pl-PL","url":"https:\/\/secure.gravatar.com\/avatar\/0acea63dc2cb8e6d071e9e7f32f36fb8?s=96&d=mm&r=g","contentUrl":"https:\/\/secure.gravatar.com\/avatar\/0acea63dc2cb8e6d071e9e7f32f36fb8?s=96&d=mm&r=g","caption":"Tata"},"sameAs":["http:\/\/www.simed.pl"]}]}},"_links":{"self":[{"href":"https:\/\/www.simed.pl\/blog\/wp-json\/wp\/v2\/posts\/2597"}],"collection":[{"href":"https:\/\/www.simed.pl\/blog\/wp-json\/wp\/v2\/posts"}],"about":[{"href":"https:\/\/www.simed.pl\/blog\/wp-json\/wp\/v2\/types\/post"}],"author":[{"embeddable":true,"href":"https:\/\/www.simed.pl\/blog\/wp-json\/wp\/v2\/users\/1"}],"replies":[{"embeddable":true,"href":"https:\/\/www.simed.pl\/blog\/wp-json\/wp\/v2\/comments?post=2597"}],"version-history":[{"count":1,"href":"https:\/\/www.simed.pl\/blog\/wp-json\/wp\/v2\/posts\/2597\/revisions"}],"predecessor-version":[{"id":2599,"href":"https:\/\/www.simed.pl\/blog\/wp-json\/wp\/v2\/posts\/2597\/revisions\/2599"}],"wp:featuredmedia":[{"embeddable":true,"href":"https:\/\/www.simed.pl\/blog\/wp-json\/wp\/v2\/media\/2598"}],"wp:attachment":[{"href":"https:\/\/www.simed.pl\/blog\/wp-json\/wp\/v2\/media?parent=2597"}],"wp:term":[{"taxonomy":"category","embeddable":true,"href":"https:\/\/www.simed.pl\/blog\/wp-json\/wp\/v2\/categories?post=2597"},{"taxonomy":"post_tag","embeddable":true,"href":"https:\/\/www.simed.pl\/blog\/wp-json\/wp\/v2\/tags?post=2597"}],"curies":[{"name":"wp","href":"https:\/\/api.w.org\/{rel}","templated":true}]}}